{"id":1184,"date":"2021-03-08T16:26:29","date_gmt":"2021-03-08T16:26:29","guid":{"rendered":"http:\/\/afafloresta.org\/?p=1184"},"modified":"2021-03-20T19:17:44","modified_gmt":"2021-03-20T19:17:44","slug":"la-musica-de-les-dones-iii","status":"publish","type":"post","link":"https:\/\/afafloresta.org\/index.php\/2021\/03\/08\/la-musica-de-les-dones-iii\/","title":{"rendered":"LA M\u00daSICA DE LES DONES III"},"content":{"rendered":"\n<p class=\"has-text-color has-vivid-purple-color\"> [<em><strong>CLICA L&#8217;ENLLA\u00c7 I GAUDEIX MENTRE LLEGEIXES<\/strong><\/em>] <\/p>\n\n\n\n<h4 class=\"wp-block-heading\"><strong>FATOUMA DIAWARA <\/strong><br><\/h4>\n\n\n\n<p>Can\u00e7\u00f3 recomanada: <\/p>\n\n\n\n<p><iframe loading=\"lazy\" title=\"Fatoumata Diawara - Sowa (Official Audio)\" width=\"680\" height=\"383\" src=\"https:\/\/www.youtube.com\/embed\/kiannf3ZQt0?list=PLetv3SCC-r3YFYYCpNmQXv7bC561HnDac\" frameborder=\"0\" allow=\"accelerometer; autoplay; clipboard-write; encrypted-media; gyroscope; picture-in-picture\" allowfullscreen><\/iframe><\/p>\n\n\n\n<p><\/p>\n\n\n\n<p>Actriu, cantant i compositora, nascuda el 1982 a Mal\u00ed.&nbsp;<br><\/p>\n\n\n\n<p>Carregada de valentia, de ben jove, va esdevenir una estrella del cinema a Mali, per\u00f2 la seva fam\u00edlia volia que es cas\u00e9s i abandon\u00e9s el m\u00f3n de l\u2019espectacle. Va fugir de casa cap a Fran\u00e7a, on va formar part de la companyia teatral Royal de Luxe.&nbsp;<\/p>\n\n\n\n<figure class=\"wp-block-image size-large\"><img loading=\"lazy\" decoding=\"async\" width=\"1024\" height=\"717\" src=\"https:\/\/afafloresta.org\/wp-content\/uploads\/2021\/03\/Fatouma-A-1024x717.jpg\" alt=\"\" class=\"wp-image-1185\" srcset=\"https:\/\/afafloresta.org\/wp-content\/uploads\/2021\/03\/Fatouma-A-1024x717.jpg 1024w, https:\/\/afafloresta.org\/wp-content\/uploads\/2021\/03\/Fatouma-A-300x210.jpg 300w, https:\/\/afafloresta.org\/wp-content\/uploads\/2021\/03\/Fatouma-A-768x538.jpg 768w, https:\/\/afafloresta.org\/wp-content\/uploads\/2021\/03\/Fatouma-A-1536x1075.jpg 1536w, https:\/\/afafloresta.org\/wp-content\/uploads\/2021\/03\/Fatouma-A.jpg 1600w\" sizes=\"auto, (max-width: 1024px) 100vw, 1024px\" \/><\/figure>\n\n\n\n<p>Durant els assajos, Diawara solia cantar i el seu director la va animar a fer-ho tamb\u00e9 a escena, on va descobrir l\u2019aut\u00e8ntic poder de la seva veu convertint-se en una cantautora reconeguda arreu.<\/p>\n\n\n\n<p>Per composar les seves can\u00e7ons s\u2019inspira en el cant tradicional <em><span style=\"text-decoration: underline;\">wassoulou<\/span><\/em> (regi\u00f3 hist\u00f2rica i cultural de l\u2019\u00c0frica Oest) que fusionat amb ambients de jazz i blues dona un resultat molt modern.<br><\/p>\n\n\n\n<p>Localitzaci\u00f3 de Mali a \u00c0frica:<\/p>\n\n\n\n<figure class=\"wp-block-image\"><img decoding=\"async\" src=\"https:\/\/lh4.googleusercontent.com\/s2wFPJ2quJMUP454Mw78ckyiuiNs5DRK_4A8N61jwL10LcpfLXHISJ7HhZfMGmVFYJfqEvtDTXBs-pHKMGAahHqw3pxgZUe14SLSjUet5CiIZQx2F1gV8F5SsUv_5bzznjrm03eq\" alt=\"\"\/><\/figure>\n\n\n\n<p><br><\/p>\n","protected":false},"excerpt":{"rendered":"<p>[CLICA L&#8217;ENLLA\u00c7 I GAUDEIX MENTRE LLEGEIXES] FATOUMA DIAWARA Can\u00e7\u00f3 recomanada: Actriu, cantant i compositora, nascuda el 1982 a Mal\u00ed.&nbsp; Carregada de valentia, de ben jove, va esdevenir una estrella del cinema a Mali, per\u00f2 la seva fam\u00edlia volia que es [&hellip;]<\/p>\n","protected":false},"author":1,"featured_media":0,"comment_status":"closed","ping_status":"closed","sticky":false,"template":"","format":"standard","meta":{"footnotes":""},"categories":[6],"tags":[],"class_list":["post-1184","post","type-post","status-publish","format-standard","hentry","category-comissio-feminista"],"_links":{"self":[{"href":"https:\/\/afafloresta.org\/index.php\/wp-json\/wp\/v2\/posts\/1184","targetHints":{"allow":["GET"]}}],"collection":[{"href":"https:\/\/afafloresta.org\/index.php\/wp-json\/wp\/v2\/posts"}],"about":[{"href":"https:\/\/afafloresta.org\/index.php\/wp-json\/wp\/v2\/types\/post"}],"author":[{"embeddable":true,"href":"https:\/\/afafloresta.org\/index.php\/wp-json\/wp\/v2\/users\/1"}],"replies":[{"embeddable":true,"href":"https:\/\/afafloresta.org\/index.php\/wp-json\/wp\/v2\/comments?post=1184"}],"version-history":[{"count":5,"href":"https:\/\/afafloresta.org\/index.php\/wp-json\/wp\/v2\/posts\/1184\/revisions"}],"predecessor-version":[{"id":1222,"href":"https:\/\/afafloresta.org\/index.php\/wp-json\/wp\/v2\/posts\/1184\/revisions\/1222"}],"wp:attachment":[{"href":"https:\/\/afafloresta.org\/index.php\/wp-json\/wp\/v2\/media?parent=1184"}],"wp:term":[{"taxonomy":"category","embeddable":true,"href":"https:\/\/afafloresta.org\/index.php\/wp-json\/wp\/v2\/categories?post=1184"},{"taxonomy":"post_tag","embeddable":true,"href":"https:\/\/afafloresta.org\/index.php\/wp-json\/wp\/v2\/tags?post=1184"}],"curies":[{"name":"wp","href":"https:\/\/api.w.org\/{rel}","templated":true}]}}