{"id":1168,"date":"2021-02-26T12:47:23","date_gmt":"2021-02-26T12:47:23","guid":{"rendered":"http:\/\/afafloresta.org\/?p=1168"},"modified":"2021-03-20T19:12:18","modified_gmt":"2021-03-20T19:12:18","slug":"projecte-8m","status":"publish","type":"post","link":"https:\/\/afafloresta.org\/index.php\/2021\/02\/26\/projecte-8m\/","title":{"rendered":"LA M\u00daSICA DE LES DONES I"},"content":{"rendered":"\n<p>Aprofitant que aquest any, des de l&#8217;escola els infants treballaran la tem\u00e0tica de \u00abLa m\u00fasica de les dones\u00bb, us volem apropar algunes figures rellevants en el m\u00f3n musical. Son dones que triomfen, no nom\u00e9s per la seva brillant carrera, sin\u00f3 tamb\u00e9 per la seva implicaci\u00f3 en tem\u00e0tica social.<\/p>\n\n\n\n<p>Hem fet un recull de quatre dones amb estils molt diferents que desitgem us arribin tant com a nosaltres:<\/p>\n\n\n\n<h5 class=\"wp-block-heading\">MARTA G\u00d3MEZ<\/h5>\n\n\n\n<p class=\"has-text-color has-vivid-purple-color\"> [<em><strong>CLICA L\u2019ENLLA\u00c7 I GAUDEIX MENTRE LLEGEIXES<\/strong><\/em>] <\/p>\n\n\n\n<figure class=\"wp-block-embed-youtube wp-block-embed is-type-video is-provider-youtube wp-embed-aspect-16-9 wp-has-aspect-ratio\"><div class=\"wp-block-embed__wrapper\">\n<iframe loading=\"lazy\" title=\"Marta G\u00f3mez - UN D\u00cdA\" width=\"680\" height=\"383\" src=\"https:\/\/www.youtube.com\/embed\/V_q_B0zS2zY?feature=oembed\" frameborder=\"0\" allow=\"accelerometer; autoplay; clipboard-write; encrypted-media; gyroscope; picture-in-picture\" allowfullscreen><\/iframe>\n<\/div><figcaption><em> \u00a0V\u00eddeo en col\u00b7laboraci\u00f3 amb la il\u00b7lustradora feminista Lola Vendetta <\/em><\/figcaption><\/figure>\n\n\n\n<p>Marta G\u00f3mez, cantautora Colombiana, aquest 2021 celebra 20 anys de carrera musical. Les seves composicions inclouen diversos ritmes folkl\u00f2rics llatinoamericans i jazz, aix\u00ed com influ\u00e8ncies de la literatura i la poesia.<\/p>\n\n\n\n<p>El seu treball entrella\u00e7a els diferents colors i timbres de la guitarra, aix\u00ed com l&#8217;harm\u00f2nic-mel\u00f2dic de les seves can\u00e7ons. Les seves lletres combinades amb els principals ritmes folkl\u00f2rics llatinoamericans, i amb les possibilitats sonores del jazz, donen lloc a una nova proposta sonora. La sensibilitat que expressa en les seves can\u00e7ons l&#8217;ha alimentat des de molt aviat amb els esperits sempre palpitants de Violeta Parra, Mercedes Sosa, Carol King, Chavela Vargas, Chabuca Granda, Liuba Mar\u00eda Hevia i amb els d&#8217;altres muses.<\/p>\n\n\n\n<figure class=\"wp-block-image size-large\"><img loading=\"lazy\" decoding=\"async\" width=\"1024\" height=\"717\" src=\"https:\/\/afafloresta.org\/wp-content\/uploads\/2021\/03\/Marta-A-1-1024x717.jpg\" alt=\"\" class=\"wp-image-1191\" srcset=\"https:\/\/afafloresta.org\/wp-content\/uploads\/2021\/03\/Marta-A-1-1024x717.jpg 1024w, https:\/\/afafloresta.org\/wp-content\/uploads\/2021\/03\/Marta-A-1-300x210.jpg 300w, https:\/\/afafloresta.org\/wp-content\/uploads\/2021\/03\/Marta-A-1-768x538.jpg 768w, https:\/\/afafloresta.org\/wp-content\/uploads\/2021\/03\/Marta-A-1-1536x1075.jpg 1536w, https:\/\/afafloresta.org\/wp-content\/uploads\/2021\/03\/Marta-A-1.jpg 1600w\" sizes=\"auto, (max-width: 1024px) 100vw, 1024px\" \/><\/figure>\n\n\n\n<p>Ha estat guanyadora del <a href=\"https:\/\/www.google.com\/search?safe=strict&amp;rlz=1C1GCEU_caES932ES939&amp;q=Premi+Grammy+Llat%C3%AD+al+Millor+%C3%80lbum+Infantil&amp;stick=H4sIAAAAAAAAAOPgE-LSz9U3MCzPLrQwVQKz0wqyTQottGSzk630E8sTi1IgZHx5Zl5eapEVmFO8iFU3oCg1N1PBvSgxN7dSwScnseTwWoXEHAXfzJyc_CKFww05SaW5Cp55aYl5JZk5O1gZAbnzOGVsAAAA&amp;sa=X&amp;ved=2ahUKEwj0-PPj7v_uAhWRs3EKHVptCCcQmxMoAjAUegQIERAE\">Grammy Llat\u00ed al Millor \u00c0lbum Infantil<\/a>. El seu treball discogr\u00e0fic dona compte especialment d&#8217;una preocupaci\u00f3 per les diferents realitats socials que es viuen al m\u00f3n, aix\u00ed com d&#8217;una postura molt clara enfront d&#8217;elles, com ho va demostrar en la seva campanya internacional: \u00abPer a la guerra, res\u00bb, un projecte musical on va convidar a artistes de diferents pa\u00efsos a cantar-li a la vida i a expressar el seu rebuig a la guerra.<\/p>\n\n\n\n<figure class=\"wp-block-embed-youtube wp-block-embed is-type-video is-provider-youtube wp-embed-aspect-16-9 wp-has-aspect-ratio\"><div class=\"wp-block-embed__wrapper\">\n<iframe loading=\"lazy\" title=\"Lo innombrable - Marta G\u00f3mez (Feat Raquel Riba Rossy)\" width=\"680\" height=\"383\" src=\"https:\/\/www.youtube.com\/embed\/Euj3pCAOlFM?feature=oembed\" frameborder=\"0\" allow=\"accelerometer; autoplay; clipboard-write; encrypted-media; gyroscope; picture-in-picture\" allowfullscreen><\/iframe>\n<\/div><\/figure>\n\n\n\n<figure class=\"wp-block-embed-youtube wp-block-embed is-type-video is-provider-youtube wp-embed-aspect-16-9 wp-has-aspect-ratio\"><div class=\"wp-block-embed__wrapper\">\n<iframe loading=\"lazy\" title=\"&quot;Manos de Mujeres&quot; - Marta G\u00f3mez (Feat: Martirio, Andrea Echeverry &amp; Anat Cohen)\" width=\"680\" height=\"383\" src=\"https:\/\/www.youtube.com\/embed\/jMhViWjq-_U?feature=oembed\" frameborder=\"0\" allow=\"accelerometer; autoplay; clipboard-write; encrypted-media; gyroscope; picture-in-picture\" allowfullscreen><\/iframe>\n<\/div><figcaption><em> Aquesta can\u00e7\u00f3 la va fer en homenatge al tr\u00e0fic de dones, despr\u00e9s de parlar amb algunes que l&#8217;havien patit. <\/em><\/figcaption><\/figure>\n","protected":false},"excerpt":{"rendered":"<p>Aprofitant que aquest any, des de l&#8217;escola els infants treballaran la tem\u00e0tica de \u00abLa m\u00fasica de les dones\u00bb, us volem apropar algunes figures rellevants en el m\u00f3n musical. Son dones que triomfen, no nom\u00e9s per la seva brillant carrera, sin\u00f3 [&hellip;]<\/p>\n","protected":false},"author":1,"featured_media":0,"comment_status":"closed","ping_status":"closed","sticky":false,"template":"","format":"standard","meta":{"footnotes":""},"categories":[6],"tags":[],"class_list":["post-1168","post","type-post","status-publish","format-standard","hentry","category-comissio-feminista"],"_links":{"self":[{"href":"https:\/\/afafloresta.org\/index.php\/wp-json\/wp\/v2\/posts\/1168","targetHints":{"allow":["GET"]}}],"collection":[{"href":"https:\/\/afafloresta.org\/index.php\/wp-json\/wp\/v2\/posts"}],"about":[{"href":"https:\/\/afafloresta.org\/index.php\/wp-json\/wp\/v2\/types\/post"}],"author":[{"embeddable":true,"href":"https:\/\/afafloresta.org\/index.php\/wp-json\/wp\/v2\/users\/1"}],"replies":[{"embeddable":true,"href":"https:\/\/afafloresta.org\/index.php\/wp-json\/wp\/v2\/comments?post=1168"}],"version-history":[{"count":8,"href":"https:\/\/afafloresta.org\/index.php\/wp-json\/wp\/v2\/posts\/1168\/revisions"}],"predecessor-version":[{"id":1219,"href":"https:\/\/afafloresta.org\/index.php\/wp-json\/wp\/v2\/posts\/1168\/revisions\/1219"}],"wp:attachment":[{"href":"https:\/\/afafloresta.org\/index.php\/wp-json\/wp\/v2\/media?parent=1168"}],"wp:term":[{"taxonomy":"category","embeddable":true,"href":"https:\/\/afafloresta.org\/index.php\/wp-json\/wp\/v2\/categories?post=1168"},{"taxonomy":"post_tag","embeddable":true,"href":"https:\/\/afafloresta.org\/index.php\/wp-json\/wp\/v2\/tags?post=1168"}],"curies":[{"name":"wp","href":"https:\/\/api.w.org\/{rel}","templated":true}]}}